{"id":480,"date":"2023-05-04T14:52:24","date_gmt":"2023-05-04T14:52:24","guid":{"rendered":"https:\/\/nexusnewsdigital.com\/es\/cambio-climatico-el-tiempo-se-agota\/"},"modified":"2023-05-04T14:52:24","modified_gmt":"2023-05-04T14:52:24","slug":"cambio-climatico-el-tiempo-se-agota","status":"publish","type":"post","link":"https:\/\/nexusnewsdigital.com\/es\/cambio-climatico-el-tiempo-se-agota\/","title":{"rendered":"Cambio clim\u00e1tico: \u00a1El tiempo se agota!"},"content":{"rendered":"<p>El cambio clim\u00e1tico es una de las mayores amenazas que enfrenta nuestro planeta en la actualidad. A medida que las temperaturas contin\u00faan aumentando y los patrones clim\u00e1ticos cambian, los impactos en la vida silvestre, los ecosistemas y la econom\u00eda mundial son cada vez mayores. En este art\u00edculo, analizaremos la gravedad de esta problem\u00e1tica y las posibles soluciones.<\/p>\n<p>Seg\u00fan el Panel Intergubernamental sobre el Cambio Clim\u00e1tico (IPCC), la temperatura media global ha aumentado aproximadamente 1,1 grados Celsius desde la \u00e9poca preindustrial. El IPCC tambi\u00e9n se\u00f1ala que si las emisiones de gases de efecto invernadero contin\u00faan al ritmo actual, la temperatura podr\u00eda aumentar entre 3 y 5 grados Celsius para fines de siglo. Esto provocar\u00eda un aumento del nivel del mar, sequ\u00edas m\u00e1s graves y eventos clim\u00e1ticos extremos como tormentas, inundaciones y olas de calor.<\/p>\n<p>Para combatir estos impactos, los l\u00edderes mundiales han adoptado el Acuerdo de Par\u00eds de 2015, el cual establece el objetivo de limitar el aumento de la temperatura global a menos de 2 grados Celsius. Para lograr esto, se requiere una reducci\u00f3n significativa en las emisiones de gases de efecto invernadero.<\/p>\n<p>Una posible soluci\u00f3n es la transici\u00f3n hacia la energ\u00eda renovable. La energ\u00eda solar, e\u00f3lica y geot\u00e9rmica no emiten CO2 ni otros gases de efecto invernadero, lo que las hace una alternativa viable a los combustibles f\u00f3siles. Adem\u00e1s, la inversi\u00f3n en transporte p\u00fablico y la promoci\u00f3n de la movilidad sostenible tambi\u00e9n pueden ayudar a reducir las emisiones de gases de efecto invernadero.<\/p>\n<p>Otra soluci\u00f3n es la adaptaci\u00f3n al cambio clim\u00e1tico. Los pa\u00edses pueden implementar medidas para proteger las zonas costeras, mejorar los sistemas de gesti\u00f3n del agua y desarrollar la agricultura resistente al clima. Estas medidas pueden ayudar a reducir la vulnerabilidad de las comunidades al cambio clim\u00e1tico.<\/p>\n<p>En conclusi\u00f3n, el cambio clim\u00e1tico es una problem\u00e1tica grave que requiere acciones urgentes. Las emisiones de gases de efecto invernadero deben reducirse dr\u00e1sticamente y las soluciones como la energ\u00eda renovable y la adaptaci\u00f3n al cambio clim\u00e1tico deben ser priorizadas. El tiempo se agota y es necesario tomar medidas ahora para proteger nuestro planeta para las generaciones futuras.<\/p>\n","protected":false},"excerpt":{"rendered":"<p>El cambio clim\u00e1tico es una de las mayores amenazas que enfrenta nuestro planeta en la actualidad. A medida que las temperaturas contin\u00faan aumentando y los patrones clim\u00e1ticos cambian, los impactos en la vida silvestre, los ecosistemas y la econom\u00eda mundial son cada vez mayores. En este art\u00edculo, analizaremos la gravedad de esta problem\u00e1tica y las [&hellip;]<\/p>\n","protected":false},"author":1,"featured_media":481,"comment_status":"open","ping_status":"open","sticky":false,"template":"","format":"standard","meta":{"inline_featured_image":false},"categories":[43],"tags":[],"yoast_head":"<!-- This site is optimized with the Yoast SEO plugin v21.7 - https:\/\/yoast.com\/wordpress\/plugins\/seo\/ -->\n<title>Cambio clim\u00e1tico: \u00a1El tiempo se agota! - nexusnewsdigital<\/title>\n<meta name=\"robots\" content=\"index, follow, max-snippet:-1, max-image-preview:large, max-video-preview:-1\" \/>\n<link rel=\"canonical\" href=\"https:\/\/nexusnewsdigital.com\/es\/cambio-climatico-el-tiempo-se-agota\/\" \/>\n<meta property=\"og:locale\" content=\"es_ES\" \/>\n<meta property=\"og:type\" content=\"article\" \/>\n<meta property=\"og:title\" content=\"Cambio clim\u00e1tico: \u00a1El tiempo se agota! - nexusnewsdigital\" \/>\n<meta property=\"og:description\" content=\"El cambio clim\u00e1tico es una de las mayores amenazas que enfrenta nuestro planeta en la actualidad. A medida que las temperaturas contin\u00faan aumentando y los patrones clim\u00e1ticos cambian, los impactos en la vida silvestre, los ecosistemas y la econom\u00eda mundial son cada vez mayores. En este art\u00edculo, analizaremos la gravedad de esta problem\u00e1tica y las [&hellip;]\" \/>\n<meta property=\"og:url\" content=\"https:\/\/nexusnewsdigital.com\/es\/cambio-climatico-el-tiempo-se-agota\/\" \/>\n<meta property=\"og:site_name\" content=\"nexusnewsdigital\" \/>\n<meta property=\"article:published_time\" content=\"2023-05-04T14:52:24+00:00\" \/>\n<meta property=\"og:image\" content=\"https:\/\/nexusnewsdigital.com\/es\/wp-content\/uploads\/2023\/06\/Energias-Renovables-5-1.jpg\" \/>\n\t<meta property=\"og:image:width\" content=\"1000\" \/>\n\t<meta property=\"og:image:height\" content=\"681\" \/>\n\t<meta property=\"og:image:type\" content=\"image\/jpeg\" \/>\n<meta name=\"author\" content=\"Valeria Catillo\" \/>\n<meta name=\"twitter:card\" content=\"summary_large_image\" \/>\n<meta name=\"twitter:label1\" content=\"Escrito por\" \/>\n\t<meta name=\"twitter:data1\" content=\"Valeria Catillo\" \/>\n\t<meta name=\"twitter:label2\" content=\"Tiempo de lectura\" \/>\n\t<meta name=\"twitter:data2\" content=\"2 minutos\" \/>\n<script type=\"application\/ld+json\" class=\"yoast-schema-graph\">{\"@context\":\"https:\/\/schema.org\",\"@graph\":[{\"@type\":\"WebPage\",\"@id\":\"https:\/\/nexusnewsdigital.com\/es\/cambio-climatico-el-tiempo-se-agota\/\",\"url\":\"https:\/\/nexusnewsdigital.com\/es\/cambio-climatico-el-tiempo-se-agota\/\",\"name\":\"Cambio clim\u00e1tico: \u00a1El tiempo se agota! - nexusnewsdigital\",\"isPartOf\":{\"@id\":\"https:\/\/nexusnewsdigital.com\/es\/#website\"},\"datePublished\":\"2023-05-04T14:52:24+00:00\",\"dateModified\":\"2023-05-04T14:52:24+00:00\",\"author\":{\"@id\":\"https:\/\/nexusnewsdigital.com\/es\/#\/schema\/person\/8357b567cb5c6132a64d5c4704a81ba1\"},\"breadcrumb\":{\"@id\":\"https:\/\/nexusnewsdigital.com\/es\/cambio-climatico-el-tiempo-se-agota\/#breadcrumb\"},\"inLanguage\":\"es\",\"potentialAction\":[{\"@type\":\"ReadAction\",\"target\":[\"https:\/\/nexusnewsdigital.com\/es\/cambio-climatico-el-tiempo-se-agota\/\"]}]},{\"@type\":\"BreadcrumbList\",\"@id\":\"https:\/\/nexusnewsdigital.com\/es\/cambio-climatico-el-tiempo-se-agota\/#breadcrumb\",\"itemListElement\":[{\"@type\":\"ListItem\",\"position\":1,\"name\":\"Home\",\"item\":\"https:\/\/nexusnewsdigital.com\/es\/\"},{\"@type\":\"ListItem\",\"position\":2,\"name\":\"Cambio clim\u00e1tico: \u00a1El tiempo se agota!\"}]},{\"@type\":\"WebSite\",\"@id\":\"https:\/\/nexusnewsdigital.com\/es\/#website\",\"url\":\"https:\/\/nexusnewsdigital.com\/es\/\",\"name\":\"nexusnewsdigital\",\"description\":\"\",\"potentialAction\":[{\"@type\":\"SearchAction\",\"target\":{\"@type\":\"EntryPoint\",\"urlTemplate\":\"https:\/\/nexusnewsdigital.com\/es\/?s={search_term_string}\"},\"query-input\":\"required name=search_term_string\"}],\"inLanguage\":\"es\"},{\"@type\":\"Person\",\"@id\":\"https:\/\/nexusnewsdigital.com\/es\/#\/schema\/person\/8357b567cb5c6132a64d5c4704a81ba1\",\"name\":\"Valeria Catillo\",\"image\":{\"@type\":\"ImageObject\",\"inLanguage\":\"es\",\"@id\":\"https:\/\/nexusnewsdigital.com\/es\/#\/schema\/person\/image\/\",\"url\":\"https:\/\/secure.gravatar.com\/avatar\/1b6716d8318da7cd8a049a1c7b480328?s=96&d=mm&r=g\",\"contentUrl\":\"https:\/\/secure.gravatar.com\/avatar\/1b6716d8318da7cd8a049a1c7b480328?s=96&d=mm&r=g\",\"caption\":\"Valeria Catillo\"},\"sameAs\":[\"https:\/\/nexusnewsdigital.com\/es\"],\"url\":\"https:\/\/nexusnewsdigital.com\/es\/author\/admin\/\"}]}<\/script>\n<!-- \/ Yoast SEO plugin. -->","yoast_head_json":{"title":"Cambio clim\u00e1tico: \u00a1El tiempo se agota! - nexusnewsdigital","robots":{"index":"index","follow":"follow","max-snippet":"max-snippet:-1","max-image-preview":"max-image-preview:large","max-video-preview":"max-video-preview:-1"},"canonical":"https:\/\/nexusnewsdigital.com\/es\/cambio-climatico-el-tiempo-se-agota\/","og_locale":"es_ES","og_type":"article","og_title":"Cambio clim\u00e1tico: \u00a1El tiempo se agota! - nexusnewsdigital","og_description":"El cambio clim\u00e1tico es una de las mayores amenazas que enfrenta nuestro planeta en la actualidad. A medida que las temperaturas contin\u00faan aumentando y los patrones clim\u00e1ticos cambian, los impactos en la vida silvestre, los ecosistemas y la econom\u00eda mundial son cada vez mayores. En este art\u00edculo, analizaremos la gravedad de esta problem\u00e1tica y las [&hellip;]","og_url":"https:\/\/nexusnewsdigital.com\/es\/cambio-climatico-el-tiempo-se-agota\/","og_site_name":"nexusnewsdigital","article_published_time":"2023-05-04T14:52:24+00:00","og_image":[{"width":1000,"height":681,"url":"https:\/\/nexusnewsdigital.com\/es\/wp-content\/uploads\/2023\/06\/Energias-Renovables-5-1.jpg","type":"image\/jpeg"}],"author":"Valeria Catillo","twitter_card":"summary_large_image","twitter_misc":{"Escrito por":"Valeria Catillo","Tiempo de lectura":"2 minutos"},"schema":{"@context":"https:\/\/schema.org","@graph":[{"@type":"WebPage","@id":"https:\/\/nexusnewsdigital.com\/es\/cambio-climatico-el-tiempo-se-agota\/","url":"https:\/\/nexusnewsdigital.com\/es\/cambio-climatico-el-tiempo-se-agota\/","name":"Cambio clim\u00e1tico: \u00a1El tiempo se agota! - nexusnewsdigital","isPartOf":{"@id":"https:\/\/nexusnewsdigital.com\/es\/#website"},"datePublished":"2023-05-04T14:52:24+00:00","dateModified":"2023-05-04T14:52:24+00:00","author":{"@id":"https:\/\/nexusnewsdigital.com\/es\/#\/schema\/person\/8357b567cb5c6132a64d5c4704a81ba1"},"breadcrumb":{"@id":"https:\/\/nexusnewsdigital.com\/es\/cambio-climatico-el-tiempo-se-agota\/#breadcrumb"},"inLanguage":"es","potentialAction":[{"@type":"ReadAction","target":["https:\/\/nexusnewsdigital.com\/es\/cambio-climatico-el-tiempo-se-agota\/"]}]},{"@type":"BreadcrumbList","@id":"https:\/\/nexusnewsdigital.com\/es\/cambio-climatico-el-tiempo-se-agota\/#breadcrumb","itemListElement":[{"@type":"ListItem","position":1,"name":"Home","item":"https:\/\/nexusnewsdigital.com\/es\/"},{"@type":"ListItem","position":2,"name":"Cambio clim\u00e1tico: \u00a1El tiempo se agota!"}]},{"@type":"WebSite","@id":"https:\/\/nexusnewsdigital.com\/es\/#website","url":"https:\/\/nexusnewsdigital.com\/es\/","name":"nexusnewsdigital","description":"","potentialAction":[{"@type":"SearchAction","target":{"@type":"EntryPoint","urlTemplate":"https:\/\/nexusnewsdigital.com\/es\/?s={search_term_string}"},"query-input":"required name=search_term_string"}],"inLanguage":"es"},{"@type":"Person","@id":"https:\/\/nexusnewsdigital.com\/es\/#\/schema\/person\/8357b567cb5c6132a64d5c4704a81ba1","name":"Valeria Catillo","image":{"@type":"ImageObject","inLanguage":"es","@id":"https:\/\/nexusnewsdigital.com\/es\/#\/schema\/person\/image\/","url":"https:\/\/secure.gravatar.com\/avatar\/1b6716d8318da7cd8a049a1c7b480328?s=96&d=mm&r=g","contentUrl":"https:\/\/secure.gravatar.com\/avatar\/1b6716d8318da7cd8a049a1c7b480328?s=96&d=mm&r=g","caption":"Valeria Catillo"},"sameAs":["https:\/\/nexusnewsdigital.com\/es"],"url":"https:\/\/nexusnewsdigital.com\/es\/author\/admin\/"}]}},"_links":{"self":[{"href":"https:\/\/nexusnewsdigital.com\/es\/wp-json\/wp\/v2\/posts\/480"}],"collection":[{"href":"https:\/\/nexusnewsdigital.com\/es\/wp-json\/wp\/v2\/posts"}],"about":[{"href":"https:\/\/nexusnewsdigital.com\/es\/wp-json\/wp\/v2\/types\/post"}],"author":[{"embeddable":true,"href":"https:\/\/nexusnewsdigital.com\/es\/wp-json\/wp\/v2\/users\/1"}],"replies":[{"embeddable":true,"href":"https:\/\/nexusnewsdigital.com\/es\/wp-json\/wp\/v2\/comments?post=480"}],"version-history":[{"count":0,"href":"https:\/\/nexusnewsdigital.com\/es\/wp-json\/wp\/v2\/posts\/480\/revisions"}],"wp:featuredmedia":[{"embeddable":true,"href":"https:\/\/nexusnewsdigital.com\/es\/wp-json\/wp\/v2\/media\/481"}],"wp:attachment":[{"href":"https:\/\/nexusnewsdigital.com\/es\/wp-json\/wp\/v2\/media?parent=480"}],"wp:term":[{"taxonomy":"category","embeddable":true,"href":"https:\/\/nexusnewsdigital.com\/es\/wp-json\/wp\/v2\/categories?post=480"},{"taxonomy":"post_tag","embeddable":true,"href":"https:\/\/nexusnewsdigital.com\/es\/wp-json\/wp\/v2\/tags?post=480"}],"curies":[{"name":"wp","href":"https:\/\/api.w.org\/{rel}","templated":true}]}}